{"id":1060,"date":"2012-03-12T13:47:18","date_gmt":"2012-03-12T12:47:18","guid":{"rendered":"http:\/\/blogs.avui.cat\/botonier\/?p=1060"},"modified":"2013-06-19T09:46:57","modified_gmt":"2013-06-19T08:46:57","slug":"mes-vacances-no-gracies","status":"publish","type":"post","link":"https:\/\/blogs.avui.cat\/botonier\/2012\/03\/12\/mes-vacances-no-gracies\/","title":{"rendered":"M\u00e9s vacances? No, gr\u00e1cies"},"content":{"rendered":"<p><a href=\"https:\/\/i0.wp.com\/blogs.avui.cat\/botonier\/files\/2012\/03\/ferien.jpg\"><img data-recalc-dims=\"1\" loading=\"lazy\" decoding=\"async\" class=\"alignnone size-thumbnail wp-image-1061\" src=\"https:\/\/i0.wp.com\/blogs.avui.cat\/botonier\/files\/2012\/03\/ferien.jpg?resize=150%2C150\" alt=\"\" width=\"150\" height=\"150\" srcset=\"https:\/\/i0.wp.com\/blogs.avui.cat\/botonier\/files\/2012\/03\/ferien.jpg?resize=150%2C150&amp;ssl=1 150w, https:\/\/i0.wp.com\/blogs.avui.cat\/botonier\/files\/2012\/03\/ferien.jpg?zoom=2&amp;resize=150%2C150 300w\" sizes=\"auto, (max-width: 150px) 100vw, 150px\" \/><\/a><\/p>\n<p>El cap de setmana, la majoria de votants de Su\u00efssa van decidir no acceptar la proposta sindical que demanava 6 setmanes de vacances per a tothom.<\/p>\n<p>Un 66,5% dels votants va rebutjar la iniciativa d&#8217;una manera tan clara que pocs comentaris es poden fer. Totes les iniciatives que els darrers 30 o 40 anys han proposat reduccions del temps de treball, per activa o per passiva, han fracassat.<\/p>\n<p>Dos fets s&#8217;han de destacar en tot aix\u00f2 : primer, que a Su\u00efssa es demana l&#8217;opini\u00f3 dels ciutadans moltes vegades a l&#8217;any per tal de que els que governen recordin que qui mana \u00e9s el poble. I segon, que la gent educada sota el principi de que treballar \u00e9s la base del benestar, no ho oblida ni davant d&#8217;un &#8220;caramel&#8221; de m\u00e9s vacances.<\/p>\n<p>Com \u00e9s natural sortiran els que diuen que Su\u00efssa viu dels bancs, amb un argument simplista com el dels que creuen que tots els francesos s\u00f3n bons amants o que a Espanya tothom sap tocar la guitarra i ballar flamenc.<\/p>\n<p>S\u00f3n els que obliden l&#8217;industria farmac\u00e8utica, d&#8217;alimentaci\u00f3, la rellotgeria, la maquinaria i tants d&#8217;altres camps on els su\u00efssos guanyen el pa dia a dia amb el cap clar per saber que m\u00e9s vacances per a tothom significa una despesa econ\u00f2mica impossible de defensar ara per ara.<\/p>\n","protected":false},"excerpt":{"rendered":"<p>El cap de setmana, la majoria de votants de Su\u00efssa van decidir no acceptar la proposta sindical que demanava 6 setmanes de vacances per a tothom. Un 66,5% dels votants va rebutjar la iniciativa d&#8217;una manera tan clara que pocs comentaris es poden fer. Totes les iniciatives que els darrers 30 o 40 anys han [&hellip;]<\/p>\n","protected":false},"author":126,"featured_media":0,"comment_status":"closed","ping_status":"closed","sticky":false,"template":"","format":"standard","meta":{"jetpack_post_was_ever_published":false,"_jetpack_newsletter_access":"","_jetpack_dont_email_post_to_subs":false,"_jetpack_newsletter_tier_id":0,"_jetpack_memberships_contains_paywalled_content":false,"_jetpack_memberships_contains_paid_content":false,"footnotes":"","jetpack_publicize_message":"","jetpack_publicize_feature_enabled":true,"jetpack_social_post_already_shared":false,"jetpack_social_options":{"image_generator_settings":{"template":"highway","default_image_id":0,"font":"","enabled":false},"version":2}},"categories":[1],"tags":[],"class_list":["post-1060","post","type-post","status-publish","format-standard","hentry","category-general"],"jetpack_publicize_connections":[],"jetpack_featured_media_url":"","jetpack-related-posts":[{"id":289,"url":"https:\/\/blogs.avui.cat\/botonier\/2009\/06\/22\/monarquia-republicana\/","url_meta":{"origin":1060,"position":0},"title":"Monarquia republicana","author":"Ramon Boixet","date":"22 juny 2009","format":false,"excerpt":"Avui a les 3 de la tarda el president franc\u00e8s Sarkozy marcar\u00e0 d\u2019alguna manera la hist\u00f2ria pol\u00edtica de Fran\u00e7a ja que parlar\u00e0 per primera vegada davant l\u2019Assemblea Nacional (diputats i senadors) reunits conjuntament al palau de Versalles. La darrera vegada que un tal esdeveniment va tenir lloc va ser l\u2019any\u2026","rel":"","context":"A &quot;General&quot;","block_context":{"text":"General","link":"https:\/\/blogs.avui.cat\/botonier\/category\/general\/"},"img":{"alt_text":"","src":"","width":0,"height":0},"classes":[]},{"id":833,"url":"https:\/\/blogs.avui.cat\/botonier\/2010\/11\/20\/el-bon-gust-esta-de-vacances\/","url_meta":{"origin":1060,"position":1},"title":"El bon gust est\u00e0 de vacances","author":"Ramon Boixet","date":"20 novembre 2010","format":false,"excerpt":"Seguir la campanya electoral (malgrat el vot ja enviat) permet d\u2019analitzar amb una certa dist\u00e0ncia emotiva els papers que partits i candidats estan disposats a fer amb l\u2019excusa d'esgarrapar un parell de vots dels encara indecisos ciutadans. La introducci\u00f3 d\u2019una certa porci\u00f3 d\u2019erotisme a la campanya ha servit, i encara\u2026","rel":"","context":"A &quot;General&quot;","block_context":{"text":"General","link":"https:\/\/blogs.avui.cat\/botonier\/category\/general\/"},"img":{"alt_text":"","src":"https:\/\/i0.wp.com\/blogs.avui.cat\/botonier\/files\/2010\/11\/Unbenannt.jpg?resize=350%2C200","width":350,"height":200},"classes":[]},{"id":3478,"url":"https:\/\/blogs.avui.cat\/botonier\/2020\/06\/07\/ma-dobra-i-persones\/","url_meta":{"origin":1060,"position":2},"title":"M\u00e0 d&#8217;obra i persones","author":"Ramon Boixet","date":"7 juny 2020","format":false,"excerpt":"El dia 7 de juny del 1970, ara fa cinquanta anys, a Su\u00efssa es va votar una iniciativa destinada a reduir el nombre d'estrangers d'una manera radical. Com que la problem\u00e0tica dels estrangers segueix actual tant a Su\u00efssa com a la resta de pa\u00efsos europeus, val la pena recordar l'aniversari\u2026","rel":"","context":"A &quot;General&quot;","block_context":{"text":"General","link":"https:\/\/blogs.avui.cat\/botonier\/category\/general\/"},"img":{"alt_text":"","src":"https:\/\/i0.wp.com\/blogs.avui.cat\/botonier\/files\/2020\/06\/CoIvzeLWcAAycJl.jpg?resize=350%2C200","width":350,"height":200},"classes":[]},{"id":1242,"url":"https:\/\/blogs.avui.cat\/botonier\/2013\/03\/04\/el-dret-a-votar-dos-exemples\/","url_meta":{"origin":1060,"position":3},"title":"El dret a votar : dos exemples","author":"Ramon Boixet","date":"4 mar\u00e7 2013","format":false,"excerpt":"Anar a votar un parell de vegades a l'any per decidir sobre assumptes nacionals, cantonals i municipals fa part dels bons h\u00e0bits pol\u00edtics de Su\u00efssa. Aquest cap de setmana hem anat a votar diverses propostes de les que en voldria destacar dues que demostren de manera molt clara els efectes\u2026","rel":"","context":"A &quot;General&quot;","block_context":{"text":"General","link":"https:\/\/blogs.avui.cat\/botonier\/category\/general\/"},"img":{"alt_text":"","src":"https:\/\/i0.wp.com\/blogs.avui.cat\/botonier\/files\/2013\/03\/Urne-150x150.jpg?resize=350%2C200","width":350,"height":200},"classes":[]},{"id":3836,"url":"https:\/\/blogs.avui.cat\/botonier\/2024\/01\/16\/un-tretze-mes\/","url_meta":{"origin":1060,"position":4},"title":"Un tretz\u00e9 mes","author":"Ramon Boixet","date":"16 gener 2024","format":false,"excerpt":"\u00a0 El pr\u00f2xim 3 de mar\u00e7 a Su\u00efssa anirem a votar a favor o contra una iniciativa que demana que la Seguretat Social pagui un tretz\u00e8\u00a0mes\u00a0de pensi\u00f3 a tots els retirats. Cal saber que a Su\u00efssa no existeixen ni juliols ni desembres amb pagaments dobles. Aquesta iniciativa\u00a0popular ha estat\u00a0preparada i\u2026","rel":"","context":"A &quot;General&quot;","block_context":{"text":"General","link":"https:\/\/blogs.avui.cat\/botonier\/category\/general\/"},"img":{"alt_text":"","src":"https:\/\/i0.wp.com\/blogs.avui.cat\/botonier\/files\/2024\/01\/13.AHV_.jpeg?resize=350%2C200","width":350,"height":200},"classes":[]},{"id":363,"url":"https:\/\/blogs.avui.cat\/botonier\/2009\/09\/28\/una-constitucio-viva\/","url_meta":{"origin":1060,"position":5},"title":"Una Constituci\u00f3 viva","author":"Ramon Boixet","date":"28 setembre 2009","format":false,"excerpt":"Amb una visi\u00f3 europea, les eleccions d\u2019ahir a Alemanya i en menor mesura las de Portugal tenen una import\u00e0ncia que supera les fronteres d'ambd\u00f3s pa\u00efsos. Amb una visi\u00f3 estrictament d'exercici pol\u00edtic, la votaci\u00f3 del cap de setmana a Su\u00efssa representa un exemple que es podria aprofitar tant a Espanya com\u2026","rel":"","context":"A &quot;General&quot;","block_context":{"text":"General","link":"https:\/\/blogs.avui.cat\/botonier\/category\/general\/"},"img":{"alt_text":"","src":"","width":0,"height":0},"classes":[]}],"jetpack_sharing_enabled":true,"jetpack_likes_enabled":true,"_links":{"self":[{"href":"https:\/\/blogs.avui.cat\/botonier\/wp-json\/wp\/v2\/posts\/1060","targetHints":{"allow":["GET"]}}],"collection":[{"href":"https:\/\/blogs.avui.cat\/botonier\/wp-json\/wp\/v2\/posts"}],"about":[{"href":"https:\/\/blogs.avui.cat\/botonier\/wp-json\/wp\/v2\/types\/post"}],"author":[{"embeddable":true,"href":"https:\/\/blogs.avui.cat\/botonier\/wp-json\/wp\/v2\/users\/126"}],"replies":[{"embeddable":true,"href":"https:\/\/blogs.avui.cat\/botonier\/wp-json\/wp\/v2\/comments?post=1060"}],"version-history":[{"count":5,"href":"https:\/\/blogs.avui.cat\/botonier\/wp-json\/wp\/v2\/posts\/1060\/revisions"}],"predecessor-version":[{"id":2399,"href":"https:\/\/blogs.avui.cat\/botonier\/wp-json\/wp\/v2\/posts\/1060\/revisions\/2399"}],"wp:attachment":[{"href":"https:\/\/blogs.avui.cat\/botonier\/wp-json\/wp\/v2\/media?parent=1060"}],"wp:term":[{"taxonomy":"category","embeddable":true,"href":"https:\/\/blogs.avui.cat\/botonier\/wp-json\/wp\/v2\/categories?post=1060"},{"taxonomy":"post_tag","embeddable":true,"href":"https:\/\/blogs.avui.cat\/botonier\/wp-json\/wp\/v2\/tags?post=1060"}],"curies":[{"name":"wp","href":"https:\/\/api.w.org\/{rel}","templated":true}]}}