{"id":1054,"date":"2012-03-10T08:42:17","date_gmt":"2012-03-10T07:42:17","guid":{"rendered":"http:\/\/blogs.avui.cat\/botonier\/?p=1054"},"modified":"2013-06-19T09:46:57","modified_gmt":"2013-06-19T08:46:57","slug":"solucions-ara","status":"publish","type":"post","link":"https:\/\/blogs.avui.cat\/botonier\/2012\/03\/10\/solucions-ara\/","title":{"rendered":"Solucions, ara"},"content":{"rendered":"<p><a href=\"https:\/\/i0.wp.com\/blogs.avui.cat\/botonier\/files\/2012\/03\/200228-Lawine.jpg\"><img data-recalc-dims=\"1\" loading=\"lazy\" decoding=\"async\" class=\"alignnone size-thumbnail wp-image-1055\" src=\"https:\/\/i0.wp.com\/blogs.avui.cat\/botonier\/files\/2012\/03\/200228-Lawine.jpg?resize=150%2C150\" alt=\"\" width=\"150\" height=\"150\" \/><\/a><\/p>\n<p>El malestar de molts catalans envers les actituds repetidament despectives que Espanya regularment ens etziba, tant en assumptes pol\u00edtics com econ\u00f2mics i fins i tot culturals, fa que cada vegada amb m\u00e9s for\u00e7a es plantegin p\u00fablicament sortides a aquest encal\u00e7 continu.<\/p>\n<p>Norman Davies \u00e9s un escriptor brit\u00e0nic, especialista en hist\u00f2ria contempor\u00e0nia. El seu darrer llibre sobre els regnes d&#8217;Europa desapareguts (&#8220;Vanished Kingdoms&#8221;) ha venut 50.000 exemplars en les seves primeres cinc setmanes a les llibreries, tot i les seves 800 p\u00e0gines de teoria pol\u00edtica.<\/p>\n<p>Davies considera que amb els estats succeeix el mateix que amb els allaus: la tranquil\u00b7litat aparent de la superf\u00edcie amaga un possible despreniment tot d&#8217;un plegat, amb gran sorpresa dels que no veien o no volien veure altra cosa que lo superficial. Els millors exemples s\u00f3n la caiguda de la URSS, i la desaparici\u00f3 de Iugosl\u00e0via, Txecoslov\u00e0quia o la Rep\u00fablica Democr\u00e0tica Alemanya.<\/p>\n<p>En unes recents declaracions, Norman Davies va parlar de les organitzacions pol\u00edtiques que podrien desapar\u00e8ixer en un futur immediat. B\u00e8lgica \u00e9s un ferm candidat i fins i tot It\u00e0lia podria dividir-se en una part nord i una part sud. Tamb\u00e9 considera que Catalunya i el Pa\u00eds Basc poden molt b\u00e9 separar-se d&#8217;Espanya i, com a brit\u00e0nic, no oblida que el seu pa\u00eds tamb\u00e9 pot desfer-se, comen\u00e7ant per Esc\u00f2cia, encara que a &#8220;c\u00e0mera lenta&#8221;.<\/p>\n<p>El senyor Davies es pot equivocar en les seves apreciacions. O potser no. A Catalunya ja es parla amb molta claredat de independ\u00e8ncia, de federalisme o de millorable autonomia .<\/p>\n<p>Ha arribat el moment en que les personalitats pol\u00edtiques responsables comencin a exposar possibles solucions de futur, sense amagar les dificultats, per tal de crear un estat general de debat obert, fins que finalment siguin els catalans els que decideixin com volen continuar existint com a poble i com a naci\u00f3.<\/p>\n<p>No oblidem les paraules d&#8217;Espriu : &#8220;Els homes no poden ser si no s\u00f3n lliures&#8221;.<\/p>\n","protected":false},"excerpt":{"rendered":"<p>El malestar de molts catalans envers les actituds repetidament despectives que Espanya regularment ens etziba, tant en assumptes pol\u00edtics com econ\u00f2mics i fins i tot culturals, fa que cada vegada amb m\u00e9s for\u00e7a es plantegin p\u00fablicament sortides a aquest encal\u00e7 continu. Norman Davies \u00e9s un escriptor brit\u00e0nic, especialista en hist\u00f2ria contempor\u00e0nia. El seu darrer llibre [&hellip;]<\/p>\n","protected":false},"author":126,"featured_media":0,"comment_status":"closed","ping_status":"closed","sticky":false,"template":"","format":"standard","meta":{"jetpack_post_was_ever_published":false,"_jetpack_newsletter_access":"","_jetpack_dont_email_post_to_subs":false,"_jetpack_newsletter_tier_id":0,"_jetpack_memberships_contains_paywalled_content":false,"_jetpack_memberships_contains_paid_content":false,"footnotes":"","jetpack_publicize_message":"","jetpack_publicize_feature_enabled":true,"jetpack_social_post_already_shared":false,"jetpack_social_options":{"image_generator_settings":{"template":"highway","default_image_id":0,"font":"","enabled":false},"version":2}},"categories":[1],"tags":[],"class_list":["post-1054","post","type-post","status-publish","format-standard","hentry","category-general"],"jetpack_publicize_connections":[],"jetpack_featured_media_url":"","jetpack-related-posts":[{"id":426,"url":"https:\/\/blogs.avui.cat\/botonier\/2010\/01\/09\/inflacio-negativa\/","url_meta":{"origin":1054,"position":0},"title":"Inflaci\u00f3 negativa&#8230;","author":"Ramon Boixet","date":"9 gener 2010","format":false,"excerpt":"... a Su\u00efssa. Per primera vegada en els darrers 50 anys, l \u2018inflaci\u00f3 anual a Su\u00efssa ha estat negativa. D\u2019unes d\u00e8cimes, per\u00f2 negativa. Els c\u00e0lculs de la inflaci\u00f3 s\u00f3n complicats i els factors que intervenen en el c\u00e0lcul, i amb quin percentatge hi s\u00f3n presents, pot ser incl\u00fas motiu de\u2026","rel":"","context":"A &quot;General&quot;","block_context":{"text":"General","link":"https:\/\/blogs.avui.cat\/botonier\/category\/general\/"},"img":{"alt_text":"","src":"","width":0,"height":0},"classes":[]},{"id":713,"url":"https:\/\/blogs.avui.cat\/botonier\/2010\/01\/09\/inflacio-negativa-2\/","url_meta":{"origin":1054,"position":1},"title":"Inflaci\u00f3 negativa&#8230;","author":"Ramon Boixet","date":"9 gener 2010","format":false,"excerpt":"... a Su\u00efssa. Per primera vegada en els darrers 50 anys, l \u2018inflaci\u00f3 anual a Su\u00efssa ha estat negativa. D\u2019unes d\u00e8cimes, per\u00f2 negativa. Els c\u00e0lculs de la inflaci\u00f3 s\u00f3n complicats i els factors que intervenen en el c\u00e0lcul, i amb quin percentatge hi s\u00f3n presents, pot ser incl\u00fas motiu de\u2026","rel":"","context":"A &quot;General&quot;","block_context":{"text":"General","link":"https:\/\/blogs.avui.cat\/botonier\/category\/general\/"},"img":{"alt_text":"","src":"","width":0,"height":0},"classes":[]},{"id":368,"url":"https:\/\/blogs.avui.cat\/botonier\/2009\/10\/10\/els-secrets-del-xampany\/","url_meta":{"origin":1054,"position":2},"title":"Els secrets del xampany","author":"Ramon Boixet","date":"10 octubre 2009","format":false,"excerpt":"Si, ja s\u00e9, ja s\u00e9 que el nostre xampany de sempre s\u2019ha rebatejat com a cava. De totes maneres, els secrets que avui descric s\u00f3n v\u00e0lids pels nostres caves, pel \u00ab champagne \u00bb franc\u00e8s, pel \u00ab prosecco \u00bb itali\u00e0 i per tot vi escum\u00f3s fet amb el sistema tradicional de\u2026","rel":"","context":"A &quot;General&quot;","block_context":{"text":"General","link":"https:\/\/blogs.avui.cat\/botonier\/category\/general\/"},"img":{"alt_text":"","src":"","width":0,"height":0},"classes":[]},{"id":3755,"url":"https:\/\/blogs.avui.cat\/botonier\/2022\/03\/10\/les-glaceres-sencongeixen\/","url_meta":{"origin":1054,"position":3},"title":"Les glaceres s&#8217;encongeixen","author":"Ramon Boixet","date":"10 mar\u00e7 2022","format":false,"excerpt":"Els durs esdeveniments dels darrers temps, tant pol\u00edtics com sanitaris, han deixat una mica abandonades les not\u00edcies sobre l'anomenat canvi clim\u00e0tic. Deixem als experts les discussions sobre l'origen del canvi i els resultats immediats i posteriors. Per\u00f2 res ens ha de fer tancar els ulls sobre coses que passen al\u2026","rel":"","context":"A &quot;General&quot;","block_context":{"text":"General","link":"https:\/\/blogs.avui.cat\/botonier\/category\/general\/"},"img":{"alt_text":"","src":"https:\/\/i0.wp.com\/blogs.avui.cat\/botonier\/files\/2022\/03\/Ohne-Titel.jpg?resize=350%2C200","width":350,"height":200},"classes":[]},{"id":464,"url":"https:\/\/blogs.avui.cat\/botonier\/2010\/02\/24\/una-trobada-necessaria\/","url_meta":{"origin":1054,"position":4},"title":"Una trobada necessaria","author":"Ramon Boixet","date":"24 febrer 2010","format":false,"excerpt":"La meva recent\u00edssima trobada amb amics de Manresa que no ens hav\u00edem vist feia vint, trenta i fins i tot m\u00e9s de quaranta anys va ser molt emocionant i em va emplenar d\u2019alegria. I tamb\u00e9, perqu\u00e8 no dir-ho, d\u2019alguns moments de tristor al recordar companyes i companys que ja no\u2026","rel":"","context":"A &quot;General&quot;","block_context":{"text":"General","link":"https:\/\/blogs.avui.cat\/botonier\/category\/general\/"},"img":{"alt_text":"","src":"","width":0,"height":0},"classes":[]},{"id":678,"url":"https:\/\/blogs.avui.cat\/botonier\/2009\/06\/30\/benvolgut-jose-montilla-2\/","url_meta":{"origin":1054,"position":5},"title":"Benvolgut Jos\u00e9 Montilla&#8230;","author":"Ramon Boixet","date":"30 juny 2009","format":false,"excerpt":"Honorable President Montilla: La veritat \u00e9s que em costa escriure Jos\u00e9 perqu\u00e8 at\u00e8s el c\u00e0rrec que exerceix, a mi, espont\u00e0niament em surt Josep. Per\u00f2 ho entenc, vost\u00e8 va n\u00e9ixer a la prov\u00edncia de C\u00f2rdova i a casa i els amics sempre li han dit Jos\u00e9 o fins i tot Pepe.\u2026","rel":"","context":"A &quot;General&quot;","block_context":{"text":"General","link":"https:\/\/blogs.avui.cat\/botonier\/category\/general\/"},"img":{"alt_text":"","src":"","width":0,"height":0},"classes":[]}],"jetpack_sharing_enabled":true,"jetpack_likes_enabled":true,"_links":{"self":[{"href":"https:\/\/blogs.avui.cat\/botonier\/wp-json\/wp\/v2\/posts\/1054","targetHints":{"allow":["GET"]}}],"collection":[{"href":"https:\/\/blogs.avui.cat\/botonier\/wp-json\/wp\/v2\/posts"}],"about":[{"href":"https:\/\/blogs.avui.cat\/botonier\/wp-json\/wp\/v2\/types\/post"}],"author":[{"embeddable":true,"href":"https:\/\/blogs.avui.cat\/botonier\/wp-json\/wp\/v2\/users\/126"}],"replies":[{"embeddable":true,"href":"https:\/\/blogs.avui.cat\/botonier\/wp-json\/wp\/v2\/comments?post=1054"}],"version-history":[{"count":7,"href":"https:\/\/blogs.avui.cat\/botonier\/wp-json\/wp\/v2\/posts\/1054\/revisions"}],"predecessor-version":[{"id":2400,"href":"https:\/\/blogs.avui.cat\/botonier\/wp-json\/wp\/v2\/posts\/1054\/revisions\/2400"}],"wp:attachment":[{"href":"https:\/\/blogs.avui.cat\/botonier\/wp-json\/wp\/v2\/media?parent=1054"}],"wp:term":[{"taxonomy":"category","embeddable":true,"href":"https:\/\/blogs.avui.cat\/botonier\/wp-json\/wp\/v2\/categories?post=1054"},{"taxonomy":"post_tag","embeddable":true,"href":"https:\/\/blogs.avui.cat\/botonier\/wp-json\/wp\/v2\/tags?post=1054"}],"curies":[{"name":"wp","href":"https:\/\/api.w.org\/{rel}","templated":true}]}}