{"id":1030,"date":"2012-01-28T09:39:35","date_gmt":"2012-01-28T08:39:35","guid":{"rendered":"http:\/\/blogs.avui.cat\/botonier\/?p=1030"},"modified":"2013-06-19T09:46:58","modified_gmt":"2013-06-19T08:46:58","slug":"ara-es-el-moment","status":"publish","type":"post","link":"https:\/\/blogs.avui.cat\/botonier\/2012\/01\/28\/ara-es-el-moment\/","title":{"rendered":"Ara \u00e9s el moment"},"content":{"rendered":"<p><a href=\"https:\/\/i0.wp.com\/blogs.avui.cat\/botonier\/files\/2012\/01\/HBr5trbU_Pxgen_r_630xA.jpg\"><img data-recalc-dims=\"1\" loading=\"lazy\" decoding=\"async\" class=\"alignnone size-thumbnail wp-image-1031\" src=\"https:\/\/i0.wp.com\/blogs.avui.cat\/botonier\/files\/2012\/01\/HBr5trbU_Pxgen_r_630xA.jpg?resize=150%2C150\" alt=\"\" width=\"150\" height=\"150\" srcset=\"https:\/\/i0.wp.com\/blogs.avui.cat\/botonier\/files\/2012\/01\/HBr5trbU_Pxgen_r_630xA.jpg?resize=150%2C150&amp;ssl=1 150w, https:\/\/i0.wp.com\/blogs.avui.cat\/botonier\/files\/2012\/01\/HBr5trbU_Pxgen_r_630xA.jpg?zoom=2&amp;resize=150%2C150 300w, https:\/\/i0.wp.com\/blogs.avui.cat\/botonier\/files\/2012\/01\/HBr5trbU_Pxgen_r_630xA.jpg?zoom=3&amp;resize=150%2C150 450w\" sizes=\"auto, (max-width: 150px) 100vw, 150px\" \/><\/a><\/p>\n<p>La fallida de Spanair demostra fins a quin punt els fets van demostrant la t\u00e0ctica dita del &#8220;salami&#8221; (un tall fi darrere l&#8217;altre) per aconseguir que Catalunya se&#8217;n vagi a\u00a0fer punyetes.<br \/>\nEn les actuals circumst\u00e0ncies econ\u00f2miques es fins i tot explicable que la Generalitat no pugui injectar m\u00e9s diner public a una companyia privada que sense l&#8217;entrada de capital de Qatar Airlines es quedava sense futur rendible.<\/p>\n<p>Tot i que \u00e9s un greu problema pels treballadors de l&#8217;empresa, pels passatgers amb bitllets pagats i per l&#8217;il\u00b7lusi\u00f3 d&#8217;alguns de tenir una companyia a\u00e8ria catalana, crec que les coses van m\u00e9s enll\u00e0, i l&#8217;estroncada privatitzaci\u00f3 de l&#8217;aeroport del Prat n&#8217;\u00e9s un bon exemple.<\/p>\n<p>Catalunya no disposa de les infraestructures que corresponen al seu potencial industrial i econ\u00f2mic per manca clara d&#8217;inter\u00e8s de l&#8217;estat central, mani qui mani, que no \u00e9s cosa de Zapatero sin\u00f3 que ve de molt m\u00e9s lluny.<\/p>\n<p>Ni corredor mediterrani, ni bones connexions ferrovi\u00e0ries amb Europa, ni carreteres adequades de car\u00e0cter gratu\u00eft com en altres Autonomies, ni, ni, ni&#8230;<\/p>\n<p>Ahir a la nit, a Manresa, es va celebrar un acte de presentaci\u00f3 de &#8220;Manresa per la Independ\u00e8ncia&#8221;, clamant per la consecuci\u00f3 d&#8217;un estat propi. Sembla factible poder fer el setembre del 2014 un refer\u00e8ndum sobre la independ\u00e8ncia si a l&#8217;entusiasme de Manresa hi ajuntem el d&#8217;altres ciutats que ja han fet o preveuen fer actes similars. El moment \u00e9s favorable per parlar d&#8217;aquestes coses i no s&#8217;ha de desaprofitar.<\/p>\n","protected":false},"excerpt":{"rendered":"<p>La fallida de Spanair demostra fins a quin punt els fets van demostrant la t\u00e0ctica dita del &#8220;salami&#8221; (un tall fi darrere l&#8217;altre) per aconseguir que Catalunya se&#8217;n vagi a\u00a0fer punyetes. En les actuals circumst\u00e0ncies econ\u00f2miques es fins i tot explicable que la Generalitat no pugui injectar m\u00e9s diner public a una companyia privada que [&hellip;]<\/p>\n","protected":false},"author":126,"featured_media":0,"comment_status":"closed","ping_status":"closed","sticky":false,"template":"","format":"standard","meta":{"jetpack_post_was_ever_published":false,"_jetpack_newsletter_access":"","_jetpack_dont_email_post_to_subs":false,"_jetpack_newsletter_tier_id":0,"_jetpack_memberships_contains_paywalled_content":false,"_jetpack_memberships_contains_paid_content":false,"footnotes":"","jetpack_publicize_message":"","jetpack_publicize_feature_enabled":true,"jetpack_social_post_already_shared":false,"jetpack_social_options":{"image_generator_settings":{"template":"highway","default_image_id":0,"font":"","enabled":false},"version":2}},"categories":[1],"tags":[],"class_list":["post-1030","post","type-post","status-publish","format-standard","hentry","category-general"],"jetpack_publicize_connections":[],"jetpack_featured_media_url":"","jetpack-related-posts":[{"id":444,"url":"https:\/\/blogs.avui.cat\/botonier\/2010\/02\/01\/el-nostre-futur-en-mans-de-la-xina\/","url_meta":{"origin":1030,"position":0},"title":"El nostre futur en mans de la Xina","author":"Ramon Boixet","date":"1 febrer 2010","format":false,"excerpt":"Almenys en part. Al F\u00f2rum Econ\u00f2mic Mundial (WEF) que el dissabte es va acabar a Davos, un dels temes que m\u00e9s va ocupar els participants va ser la Xina, amb tota la ra\u00f3 ja que l\u2019economia xinesa l\u2019any de la crisi 2009 va augmentar un 8,7% demostrant que les seves\u2026","rel":"","context":"A &quot;General&quot;","block_context":{"text":"General","link":"https:\/\/blogs.avui.cat\/botonier\/category\/general\/"},"img":{"alt_text":"","src":"","width":0,"height":0},"classes":[]},{"id":548,"url":"https:\/\/blogs.avui.cat\/botonier\/2010\/05\/25\/les-clatellades-que-rebrem\/","url_meta":{"origin":1030,"position":1},"title":"Les clatellades que rebrem","author":"Ramon Boixet","date":"25 maig 2010","format":false,"excerpt":"Escric abans que les Borses europees obrin la sessi\u00f3 d\u2019avui. Es preveu una baixada general, en bona part deguda a la situaci\u00f3 d\u2019Espanya.El comunicat del FMI despr\u00e9s de la visita dels experts a Madrid per analitzar la situaci\u00f3 financera i laboral no deixa cap dubte: el govern Zapatero no ha\u2026","rel":"","context":"A &quot;General&quot;","block_context":{"text":"General","link":"https:\/\/blogs.avui.cat\/botonier\/category\/general\/"},"img":{"alt_text":"","src":"","width":0,"height":0},"classes":[]},{"id":1242,"url":"https:\/\/blogs.avui.cat\/botonier\/2013\/03\/04\/el-dret-a-votar-dos-exemples\/","url_meta":{"origin":1030,"position":2},"title":"El dret a votar : dos exemples","author":"Ramon Boixet","date":"4 mar\u00e7 2013","format":false,"excerpt":"Anar a votar un parell de vegades a l'any per decidir sobre assumptes nacionals, cantonals i municipals fa part dels bons h\u00e0bits pol\u00edtics de Su\u00efssa. Aquest cap de setmana hem anat a votar diverses propostes de les que en voldria destacar dues que demostren de manera molt clara els efectes\u2026","rel":"","context":"A &quot;General&quot;","block_context":{"text":"General","link":"https:\/\/blogs.avui.cat\/botonier\/category\/general\/"},"img":{"alt_text":"","src":"https:\/\/i0.wp.com\/blogs.avui.cat\/botonier\/files\/2013\/03\/Urne-150x150.jpg?resize=350%2C200","width":350,"height":200},"classes":[]},{"id":354,"url":"https:\/\/blogs.avui.cat\/botonier\/2009\/09\/15\/no-senyora-de-la-vega\/","url_meta":{"origin":1030,"position":3},"title":"No, senyora De la Vega","author":"Ramon Boixet","date":"15 setembre 2009","format":false,"excerpt":"Vost\u00e8 ocupa un c\u00e0rrec alt, i suposo que tamb\u00e9 important, dins del govern d\u2019Espanya. Qualsevol pol\u00edtic realment dem\u00f2crata ha d\u2019estar interessat en saber que pensa la gent que el vota o el pot votar. No \u00e9s possible fer una bona pol\u00edtica social (vost\u00e8 \u00e9s del partit socialista!) sense copsar l\u2019opini\u00f3\u2026","rel":"","context":"A &quot;General&quot;","block_context":{"text":"General","link":"https:\/\/blogs.avui.cat\/botonier\/category\/general\/"},"img":{"alt_text":"","src":"","width":0,"height":0},"classes":[]},{"id":69,"url":"https:\/\/blogs.avui.cat\/botonier\/2008\/09\/19\/air-berlin-fa-el-ridicul\/","url_meta":{"origin":1030,"position":4},"title":"Air Berlin fa el rid\u00edcul","author":"Ramon Boixet","date":"19 setembre 2008","format":false,"excerpt":"La pol\u00e8mica va comen\u00e7ar amb les impresentables declaracions del President de Air Berlin senyor Hunold sobre l'\u00fas del catal\u00e0 per part de la companyia alemanya per les seves relacions amb els clients catalanoparlants. No cal entrar ara en detalls, que tothom ha llegit .El Director d'Air Berlin per Espanya i\u2026","rel":"","context":"A &quot;General&quot;","block_context":{"text":"General","link":"https:\/\/blogs.avui.cat\/botonier\/category\/general\/"},"img":{"alt_text":"","src":"","width":0,"height":0},"classes":[]},{"id":380,"url":"https:\/\/blogs.avui.cat\/botonier\/2009\/10\/28\/renovacio-i-aire-fresc\/","url_meta":{"origin":1030,"position":5},"title":"Renovaci\u00f3 i aire fresc","author":"Ramon Boixet","date":"28 octubre 2009","format":false,"excerpt":"\u00c9s perill\u00f3s reaccionar amb el cap calent i no \u00e9s just generalitzar ni els m\u00e8rits ni les faltes.La situaci\u00f3 actual del m\u00f3n pol\u00edtic i social a Catalunya (per no parlar d\u2019Espanya i d\u2019altres indrets) demostra que la realitat i les aparences sempre han anat per camins diferents. No cal ara\u2026","rel":"","context":"A &quot;General&quot;","block_context":{"text":"General","link":"https:\/\/blogs.avui.cat\/botonier\/category\/general\/"},"img":{"alt_text":"","src":"","width":0,"height":0},"classes":[]}],"jetpack_sharing_enabled":true,"jetpack_likes_enabled":true,"_links":{"self":[{"href":"https:\/\/blogs.avui.cat\/botonier\/wp-json\/wp\/v2\/posts\/1030","targetHints":{"allow":["GET"]}}],"collection":[{"href":"https:\/\/blogs.avui.cat\/botonier\/wp-json\/wp\/v2\/posts"}],"about":[{"href":"https:\/\/blogs.avui.cat\/botonier\/wp-json\/wp\/v2\/types\/post"}],"author":[{"embeddable":true,"href":"https:\/\/blogs.avui.cat\/botonier\/wp-json\/wp\/v2\/users\/126"}],"replies":[{"embeddable":true,"href":"https:\/\/blogs.avui.cat\/botonier\/wp-json\/wp\/v2\/comments?post=1030"}],"version-history":[{"count":5,"href":"https:\/\/blogs.avui.cat\/botonier\/wp-json\/wp\/v2\/posts\/1030\/revisions"}],"predecessor-version":[{"id":2405,"href":"https:\/\/blogs.avui.cat\/botonier\/wp-json\/wp\/v2\/posts\/1030\/revisions\/2405"}],"wp:attachment":[{"href":"https:\/\/blogs.avui.cat\/botonier\/wp-json\/wp\/v2\/media?parent=1030"}],"wp:term":[{"taxonomy":"category","embeddable":true,"href":"https:\/\/blogs.avui.cat\/botonier\/wp-json\/wp\/v2\/categories?post=1030"},{"taxonomy":"post_tag","embeddable":true,"href":"https:\/\/blogs.avui.cat\/botonier\/wp-json\/wp\/v2\/tags?post=1030"}],"curies":[{"name":"wp","href":"https:\/\/api.w.org\/{rel}","templated":true}]}}