{"id":1026,"date":"2012-01-17T12:04:07","date_gmt":"2012-01-17T11:04:07","guid":{"rendered":"http:\/\/blogs.avui.cat\/botonier\/?p=1026"},"modified":"2013-06-19T09:46:58","modified_gmt":"2013-06-19T08:46:58","slug":"monarquia-versus-republica","status":"publish","type":"post","link":"https:\/\/blogs.avui.cat\/botonier\/2012\/01\/17\/monarquia-versus-republica\/","title":{"rendered":"Monarquia &#8220;versus&#8221; Rep\u00fablica"},"content":{"rendered":"<p><a href=\"https:\/\/i0.wp.com\/blogs.avui.cat\/botonier\/files\/2012\/01\/koenig-pik.jpg.png\"><img data-recalc-dims=\"1\" loading=\"lazy\" decoding=\"async\" class=\"alignnone size-thumbnail wp-image-1027\" src=\"https:\/\/i0.wp.com\/blogs.avui.cat\/botonier\/files\/2012\/01\/koenig-pik.jpg.png?resize=150%2C150\" alt=\"\" width=\"150\" height=\"150\" \/><\/a><\/p>\n<p>Les activitats sospitosament il\u00b7legals d&#8217;un membre de la fam\u00edlia reial espanyola ha tornat a disparar la pol\u00e8mica &#8220;monarquia versus rep\u00fablica&#8221; que apareix i desapareix cada dos per tres.<\/p>\n<p>Catalunya tolera passivament la monarquia espanyola, encara que cada vegada menys, degut a una manca de moviments continuats i efectius que portin a un sistema pol\u00edtic diferent a l&#8217;actual (la independ\u00e8ncia per a alguns, o el federalisme republic\u00e0 amb Espanya per els m\u00e9s conformistes).<\/p>\n<p>Em sembla evident que la monarquia espanyola ha sofert els darrers anys un desprestigi que s&#8217;ha produ\u00eft en gran part per culpa dels mateixos membres reials, i tamb\u00e9 per la maduresa que algunes noves generacions demostren davant una instituci\u00f3 imposada i de principis propers a la il\u00b7legalitat (impunitat jur\u00eddica del rei, prefer\u00e8ncia del bar\u00f3 per la continu\u00eftat del sistema, etc.).<\/p>\n<p>Malgrat els esfor\u00e7os per sobreviure com a instituci\u00f3, dubto molt que el segon marit de la senyora Letizia Ort\u00edz arribi a ser el rei que retorni prestigi a la monarquia, encara que no li manca vocaci\u00f3 de gerro de flors.<\/p>\n<p>Catalunya ha de decidir si vol continuar acceptant fer part d&#8217;una Espanya mon\u00e0rquica, o fer el cam\u00ed independent que cada vegada m\u00e9s ciutadans desitgen. Tots els pol\u00edtics que van proposar solucions aut\u00f2nomes per Catalunya durant la darrera campanya de les eleccions catalanes, han de tornar a fer propostes concretes ara. No \u00e9s justificable el silenci de Carreteros, Laportas i molts d&#8217;altres.<\/p>\n<p>Tornar a callar i desaprofitar totes les ocasions per donar a la poblaci\u00f3 de Catalunya la possibilitat de decidir el seu futur \u00e9s un desprop\u00f2sit hist\u00f2ric imperdonable.<\/p>\n","protected":false},"excerpt":{"rendered":"<p>Les activitats sospitosament il\u00b7legals d&#8217;un membre de la fam\u00edlia reial espanyola ha tornat a disparar la pol\u00e8mica &#8220;monarquia versus rep\u00fablica&#8221; que apareix i desapareix cada dos per tres. Catalunya tolera passivament la monarquia espanyola, encara que cada vegada menys, degut a una manca de moviments continuats i efectius que portin a un sistema pol\u00edtic diferent [&hellip;]<\/p>\n","protected":false},"author":126,"featured_media":0,"comment_status":"closed","ping_status":"closed","sticky":false,"template":"","format":"standard","meta":{"jetpack_post_was_ever_published":false,"_jetpack_newsletter_access":"","_jetpack_dont_email_post_to_subs":false,"_jetpack_newsletter_tier_id":0,"_jetpack_memberships_contains_paywalled_content":false,"_jetpack_memberships_contains_paid_content":false,"footnotes":"","jetpack_publicize_message":"","jetpack_publicize_feature_enabled":true,"jetpack_social_post_already_shared":false,"jetpack_social_options":{"image_generator_settings":{"template":"highway","default_image_id":0,"font":"","enabled":false},"version":2}},"categories":[1],"tags":[],"class_list":["post-1026","post","type-post","status-publish","format-standard","hentry","category-general"],"jetpack_publicize_connections":[],"jetpack_featured_media_url":"","jetpack-related-posts":[{"id":3351,"url":"https:\/\/blogs.avui.cat\/botonier\/2014\/01\/31\/monarquia-ineficac\/","url_meta":{"origin":1026,"position":0},"title":"Monarquia inefica\u00e7","author":"Ramon Boixet","date":"31 gener 2014","format":false,"excerpt":"Un dels molts arguments dels catalans per explicar les ganes de sortir d'Espanya \u00e9s el de crear una forma d'estat republicana per tal de no fer el paper de s\u00fabdits d'una monarquia que, ara m\u00e9s que mai, est\u00e0 demostrant la seva inefic\u00e0cia, per no dir inutilitat. Tothom s'adona de l'augment\u2026","rel":"","context":"A &quot;General&quot;","block_context":{"text":"General","link":"https:\/\/blogs.avui.cat\/botonier\/category\/general\/"},"img":{"alt_text":"koenig-pik.jpg","src":"https:\/\/i0.wp.com\/blogs.avui.cat\/botonier\/files\/2012\/01\/koenig-pik.jpg-150x150.png?resize=350%2C200","width":350,"height":200},"classes":[]},{"id":987,"url":"https:\/\/blogs.avui.cat\/botonier\/2011\/11\/29\/privilegis-reials\/","url_meta":{"origin":1026,"position":1},"title":"Privilegis reials","author":"Ramon Boixet","date":"29 novembre 2011","format":false,"excerpt":"Si un treballador diu que est\u00e0 malalt, plega una setmana de la feina i l'enxampen a l'estranger gaudint de la vida, segurament li caur\u00e0 un expedient i es trobar\u00e0 al carrer per enganyar a l'empresa. El Rei d'Espanya va fer anular tots els actes institucionals entre el dies 3 i\u2026","rel":"","context":"A &quot;General&quot;","block_context":{"text":"General","link":"https:\/\/blogs.avui.cat\/botonier\/category\/general\/"},"img":{"alt_text":"","src":"https:\/\/i0.wp.com\/blogs.avui.cat\/botonier\/files\/2011\/11\/rey-de-copas2-e1322554528912.jpg?resize=350%2C200","width":350,"height":200},"classes":[]},{"id":968,"url":"https:\/\/blogs.avui.cat\/botonier\/2011\/11\/15\/republica-com-mes-aviat-millor\/","url_meta":{"origin":1026,"position":2},"title":"Rep\u00fablica, com m\u00e8s aviat millor","author":"Ramon Boixet","date":"15 novembre 2011","format":false,"excerpt":"No es q\u00fcesti\u00f3 ara de fer llenya d'un arbre que encara no ha caigut. Em refereixo al marit de la segona filla del rei d'Espanya, que sembla que podria estar ficat en assumptes d'apropiaci\u00f3 indeguda de diners oficials. I presuposem que la just\u00edcia tractar\u00e0 aquest senyor com tractaria a qualsevol\u2026","rel":"","context":"A &quot;General&quot;","block_context":{"text":"General","link":"https:\/\/blogs.avui.cat\/botonier\/category\/general\/"},"img":{"alt_text":"","src":"https:\/\/i0.wp.com\/blogs.avui.cat\/botonier\/files\/2011\/11\/image1-150x150.jpg?resize=350%2C200","width":350,"height":200},"classes":[]},{"id":3491,"url":"https:\/\/blogs.avui.cat\/botonier\/2020\/06\/19\/algu-vol-la-republica\/","url_meta":{"origin":1026,"position":3},"title":"Alg\u00fa vol la Rep\u00fablica ?","author":"Ramon Boixet","date":"19 juny 2020","format":false,"excerpt":"\u00a0 \u00a0 O alternativament:\u00a0\u201c Alg\u00fa\u00a0vol la\u00a0Monarqu\u00eda?\". La veritat \u00e9s que les dues preguntes fan part d'unes inquietuds que van en augment, gr\u00e0cies a la\u00a0\u201ecol\u00b7laboraci\u00f3\" de la fam\u00edlia Borb\u00f3. Catalunya, ara per ara dins de la naci\u00f3 espanyola, ha intentat en algun moment desmarcar-se de Madrid, i anar per lliure, com\u2026","rel":"","context":"A &quot;General&quot;","block_context":{"text":"General","link":"https:\/\/blogs.avui.cat\/botonier\/category\/general\/"},"img":{"alt_text":"","src":"https:\/\/i0.wp.com\/blogs.avui.cat\/botonier\/files\/2020\/06\/Nov.5.jpg?resize=350%2C200","width":350,"height":200},"classes":[]},{"id":3594,"url":"https:\/\/blogs.avui.cat\/botonier\/2021\/02\/28\/la-millor-propaganda-per-la-republica\/","url_meta":{"origin":1026,"position":4},"title":"La millor propaganda per la Rep\u00fablica","author":"Ramon Boixet","date":"28 febrer 2021","format":false,"excerpt":"Sembla un acudit\u00a0ir\u00f2nic\u00a0per\u00f2\u00a0la\u00a0Monarquia\u00a0espanyola ajuda cada dia m\u00e9s\u00a0a qu\u00e8\u00a0molts s'apuntin a la\u00a0Rep\u00fablica\u00a0(catalana o espanyola). Totes les activitats que s'han anat descobrint\u00a0del senyor\u00a0Juan Carlos de\u00a0Borb\u00f3n, amb el nom professional de Juan Carlos I, \u00a0han\u00a0sorpr\u00e8s\u00a0i decebut a bona part de la gent que,\u00a0potser sense\u00a0masses\u00a0ganes\u00a0d'anar\u00a0al fons de tot,\u00a0havien\u00a0acceptat el paper\u00a0del qui\u00a0ara anomenen em\u00e8rit. La\u2026","rel":"","context":"A &quot;General&quot;","block_context":{"text":"General","link":"https:\/\/blogs.avui.cat\/botonier\/category\/general\/"},"img":{"alt_text":"","src":"https:\/\/i0.wp.com\/blogs.avui.cat\/botonier\/files\/2021\/02\/Labyrinth-1-150x150.png?resize=350%2C200","width":350,"height":200},"classes":[]},{"id":801,"url":"https:\/\/blogs.avui.cat\/botonier\/2010\/10\/23\/el-segon-marit-de-letizia-ortiz\/","url_meta":{"origin":1026,"position":5},"title":"El segon marit de Letizia Ort\u00edz","author":"Ramon Boixet","date":"23 octubre 2010","format":false,"excerpt":"\ufeff\ufeff\ufeff Viure en un pa\u00eds federalista amb democr\u00e0cia directa, i per tant republic\u00e0 per principis, em permet observar les institucions mon\u00e0rquiques des d'una certa dist\u00e0ncia f\u00edsica i de sentiment, com mirar\u00eda un torneig medieval: coses de l\u2019historia r\u00e0ncia. Els espanyols disposen d\u2019un sistema mon\u00e0rquic no del tot escollit lliurement i\u2026","rel":"","context":"A &quot;General&quot;","block_context":{"text":"General","link":"https:\/\/blogs.avui.cat\/botonier\/category\/general\/"},"img":{"alt_text":"","src":"https:\/\/i0.wp.com\/blogs.avui.cat\/botonier\/files\/2010\/10\/Felipe1.jpg?resize=350%2C200","width":350,"height":200},"classes":[]}],"jetpack_sharing_enabled":true,"jetpack_likes_enabled":true,"_links":{"self":[{"href":"https:\/\/blogs.avui.cat\/botonier\/wp-json\/wp\/v2\/posts\/1026","targetHints":{"allow":["GET"]}}],"collection":[{"href":"https:\/\/blogs.avui.cat\/botonier\/wp-json\/wp\/v2\/posts"}],"about":[{"href":"https:\/\/blogs.avui.cat\/botonier\/wp-json\/wp\/v2\/types\/post"}],"author":[{"embeddable":true,"href":"https:\/\/blogs.avui.cat\/botonier\/wp-json\/wp\/v2\/users\/126"}],"replies":[{"embeddable":true,"href":"https:\/\/blogs.avui.cat\/botonier\/wp-json\/wp\/v2\/comments?post=1026"}],"version-history":[{"count":5,"href":"https:\/\/blogs.avui.cat\/botonier\/wp-json\/wp\/v2\/posts\/1026\/revisions"}],"predecessor-version":[{"id":2406,"href":"https:\/\/blogs.avui.cat\/botonier\/wp-json\/wp\/v2\/posts\/1026\/revisions\/2406"}],"wp:attachment":[{"href":"https:\/\/blogs.avui.cat\/botonier\/wp-json\/wp\/v2\/media?parent=1026"}],"wp:term":[{"taxonomy":"category","embeddable":true,"href":"https:\/\/blogs.avui.cat\/botonier\/wp-json\/wp\/v2\/categories?post=1026"},{"taxonomy":"post_tag","embeddable":true,"href":"https:\/\/blogs.avui.cat\/botonier\/wp-json\/wp\/v2\/tags?post=1026"}],"curies":[{"name":"wp","href":"https:\/\/api.w.org\/{rel}","templated":true}]}}