{"id":1021,"date":"2012-01-06T09:29:39","date_gmt":"2012-01-06T08:29:39","guid":{"rendered":"http:\/\/blogs.avui.cat\/botonier\/?p=1021"},"modified":"2013-06-19T09:46:59","modified_gmt":"2013-06-19T08:46:59","slug":"segona-carta-republicana-als-reis","status":"publish","type":"post","link":"https:\/\/blogs.avui.cat\/botonier\/2012\/01\/06\/segona-carta-republicana-als-reis\/","title":{"rendered":"Segona carta republicana als Reis"},"content":{"rendered":"<p><a href=\"https:\/\/i0.wp.com\/blogs.avui.cat\/botonier\/files\/2012\/01\/3-reis.jpg\"><img data-recalc-dims=\"1\" loading=\"lazy\" decoding=\"async\" class=\"alignnone size-full wp-image-1022\" src=\"https:\/\/i0.wp.com\/blogs.avui.cat\/botonier\/files\/2012\/01\/3-reis.jpg?resize=115%2C108\" alt=\"\" width=\"115\" height=\"108\" \/><\/a><\/p>\n<p><a href=\"http:\/\/blogs.avui.cat\/botonier\/files\/2012\/01\/3-reis.jpg\"><\/a>Benvolguts senyors<\/p>\n<p>L&#8217;any passat us vaig escriure una carta oberta que, malgrat totes les il\u00b7lusions que la van generar, no ha tingut ni de bon tros la resposta que jo esperava de vosaltres.<\/p>\n<p>Recordar\u00e9 el text complert:<\/p>\n<p><em>&#8220;Benvolguts senyors<\/em><\/p>\n<p><em>Quan tenia sis anys vaig descobrir que els regals que cada any em trobava al balc\u00f3 de casa els compraven els meus pares i no vosaltres. M\u00e9s tard vaig saber que l&#8217;\u00fanic evangeli que parla de vosaltres no diu res de Reis sin\u00f3 de mags, ni diu que \u00e9reu tres, ni us d\u00f3na cap nom, de manera que molt aviat vaig decidir que no sou res m\u00e9s que un invent.<\/p>\n<p>De totes maneres, sou un invent que genera il\u00b7lusions a grans i a petits i per aquest motiu podem celebrar la vostra diada sense complexos. Els altres Reis, els que si existeixen, els que regnen en alguns pa\u00efsos, no il\u00b7lusionen a ning\u00fa i nom\u00e9s serveixen per omplir p\u00e0gines de revistes tan prescindibles com ells.<\/p>\n<p>De manera que seguir\u00e9 la tradici\u00f3 i us demanar\u00e9 que porteu als qui ens governen una bona porci\u00f3 d&#8217;idees per resoldre la dif\u00edcil situaci\u00f3 general. Com ja sabeu, el nou govern de Catalunya acaba de comen\u00e7ar a actuar i el panorama es presenta dif\u00edcil. Tots els mals, per\u00f2, s&#8217;han de comen\u00e7ar a guarir amb una baixada de l&#8217;atur. Si l&#8217;atur es redueix \u00e9s que m\u00e9s gent troba feina, es fabriquen m\u00e9s productes i es poden vendre, i la gent i el govern reben m\u00e9s ingressos i la roda del consum torna a girar, i produeix m\u00e9s treball i gira i gira&#8230;<\/p>\n<p><\/em><\/p>\n<p><em>Senyors Reis, com que sembla que sou mags, feu que tots, govern i oposici\u00f3, trobin el cam\u00ed per rebaixar l&#8217;atur. Si ens feu aquest favor, prometo comen\u00e7ar a creure en vosaltres i l&#8217;any vinent us escriur\u00e9 fins i tot una carta d&#8217;agra\u00efment, mon\u00e0rquica i no republicana. No ens desil\u00b7lusioneu.&#8221;<br \/>\n<\/em><br \/>\nEm sap molt greu, per\u00f2 no us puc escriure la carta d&#8217;agra\u00efment i segueixo sense creure en vosaltres. Encara que tinc el pressentiment que si les coses no han millorat \u00e9s m\u00e9s per culpa de nosaltres que vostra.<\/p>\n<p>Estic disposat a fer un acte d&#8217;humilitat i de paci\u00e8ncia i esperar\u00e9 un any m\u00e9s. Segur que ens donareu un cop de ma.<\/p>\n<p>Rebeu una abra\u00e7ada d&#8217;un esperan\u00e7at incr\u00e8dul.<\/p>\n","protected":false},"excerpt":{"rendered":"<p>Benvolguts senyors L&#8217;any passat us vaig escriure una carta oberta que, malgrat totes les il\u00b7lusions que la van generar, no ha tingut ni de bon tros la resposta que jo esperava de vosaltres. Recordar\u00e9 el text complert: &#8220;Benvolguts senyors Quan tenia sis anys vaig descobrir que els regals que cada any em trobava al balc\u00f3 [&hellip;]<\/p>\n","protected":false},"author":126,"featured_media":0,"comment_status":"closed","ping_status":"closed","sticky":false,"template":"","format":"standard","meta":{"jetpack_post_was_ever_published":false,"_jetpack_newsletter_access":"","_jetpack_dont_email_post_to_subs":false,"_jetpack_newsletter_tier_id":0,"_jetpack_memberships_contains_paywalled_content":false,"_jetpack_memberships_contains_paid_content":false,"footnotes":"","jetpack_publicize_message":"","jetpack_publicize_feature_enabled":true,"jetpack_social_post_already_shared":false,"jetpack_social_options":{"image_generator_settings":{"template":"highway","default_image_id":0,"font":"","enabled":false},"version":2}},"categories":[1],"tags":[],"class_list":["post-1021","post","type-post","status-publish","format-standard","hentry","category-general"],"jetpack_publicize_connections":[],"jetpack_featured_media_url":"","jetpack-related-posts":[{"id":876,"url":"https:\/\/blogs.avui.cat\/botonier\/2011\/01\/05\/carta-republicana-als-reis\/","url_meta":{"origin":1021,"position":0},"title":"Carta republicana als Reis","author":"Ramon Boixet","date":"5 gener 2011","format":false,"excerpt":"Benvolguts senyors Quan tenia sis anys vaig descobrir que els regals que cada any em trobava al balc\u00f3 de casa els compraven els meus pares i no vosaltres. M\u00e9s tard vaig saber que l\u2019\u00fanic evangeli que parla de vosaltres no diu res de Reis sin\u00f3 de mags, ni diu que\u2026","rel":"","context":"A &quot;General&quot;","block_context":{"text":"General","link":"https:\/\/blogs.avui.cat\/botonier\/category\/general\/"},"img":{"alt_text":"","src":"https:\/\/i0.wp.com\/blogs.avui.cat\/botonier\/files\/2011\/01\/3-reis.jpg?resize=350%2C200","width":350,"height":200},"classes":[]},{"id":3347,"url":"https:\/\/blogs.avui.cat\/botonier\/2014\/01\/04\/carta-republicana-als-tres-reis\/","url_meta":{"origin":1021,"position":1},"title":"Carta republicana als Tres Reis","author":"Ramon Boixet","date":"4 gener 2014","format":false,"excerpt":"Benvolguts senyors \u00c9s la quarta vegada que us escric p\u00fablicament continuant una tradici\u00f3 basada en la vostra qualitat de generadors d'il\u00b7lusions, fins i tot en els que dubtem de la vostra exist\u00e8ncia. Suposo que esteu al corrent de l'enrenou que ha causat la convocat\u00f2ria de l'anomenada consulta, que no \u00e9s\u2026","rel":"","context":"A &quot;General&quot;","block_context":{"text":"General","link":"https:\/\/blogs.avui.cat\/botonier\/category\/general\/"},"img":{"alt_text":"","src":"","width":0,"height":0},"classes":[]},{"id":3370,"url":"https:\/\/blogs.avui.cat\/botonier\/2015\/01\/05\/nova-carta-republicana-als-tres-reis\/","url_meta":{"origin":1021,"position":2},"title":"Nova carta republicana als Tres Reis","author":"Ramon Boixet","date":"5 gener 2015","format":false,"excerpt":"Benvolguts senyors Us escric per cinquena vegada tot i que fins ara no heu fet massa cas a les meves sol\u00b7licituds, segurament per la meva nul\u00b7la orientaci\u00f3 mon\u00e0rquica. En la darrera carta, l'any passat, vaig demanar-vos entre altres coses sobre\u00a0 la votaci\u00f3 sobre la independ\u00e8ncia de Catalunya: \"Feu de manera\u2026","rel":"","context":"A &quot;General&quot;","block_context":{"text":"General","link":"https:\/\/blogs.avui.cat\/botonier\/category\/general\/"},"img":{"alt_text":"estel","src":"https:\/\/i0.wp.com\/blogs.avui.cat\/botonier\/files\/2015\/01\/estel-150x118.jpg?resize=350%2C200","width":350,"height":200},"classes":[]},{"id":1238,"url":"https:\/\/blogs.avui.cat\/botonier\/2013\/01\/05\/nova-carta-republicana-als-reis\/","url_meta":{"origin":1021,"position":3},"title":"Nova carta republicana als Reis","author":"Ramon Boixet","date":"5 gener 2013","format":false,"excerpt":"Benvolguts senyors \u00c9s el tercer any que us escric una carta dins del meu blog per seguir la tradici\u00f3 ja que vosaltres genereu il\u00b7lusions fins i tot en els que fa temps que sabem de la vostra improbable exist\u00e8ncia. El darrer any us vaig demanar per als qui ens governen\u2026","rel":"","context":"A &quot;General&quot;","block_context":{"text":"General","link":"https:\/\/blogs.avui.cat\/botonier\/category\/general\/"},"img":{"alt_text":"","src":"https:\/\/i0.wp.com\/blogs.avui.cat\/botonier\/files\/2013\/01\/Tres-Reis-150x150.jpg?resize=350%2C200","width":350,"height":200},"classes":[]},{"id":3796,"url":"https:\/\/blogs.avui.cat\/botonier\/2023\/01\/02\/carta-republicana-als-reis-dorient\/","url_meta":{"origin":1021,"position":4},"title":"Carta republicana als Reis d&#8217;Orient","author":"Ramon Boixet","date":"2 gener 2023","format":false,"excerpt":"Benvolguts Reis d'Orient Segueixo una tradici\u00f3 que va comen\u00e7ar en la meva infantesa i que ja fa m\u00e9s de deu anys que reprenc de gran en el meu blog,\u00a0 i \u00e9s la d'escriure-us una carta republicana. Ja sabeu que no tinc tend\u00e8ncies mon\u00e0rquiques i que dubto de la vostra exist\u00e8ncia:\u2026","rel":"","context":"A &quot;General&quot;","block_context":{"text":"General","link":"https:\/\/blogs.avui.cat\/botonier\/category\/general\/"},"img":{"alt_text":"","src":"https:\/\/i0.wp.com\/blogs.avui.cat\/botonier\/files\/2021\/01\/koenige-zu-pferd.jpg?resize=350%2C200","width":350,"height":200},"classes":[]},{"id":3735,"url":"https:\/\/blogs.avui.cat\/botonier\/2022\/01\/03\/nova-carta-republicana-als-reis-dorient\/","url_meta":{"origin":1021,"position":5},"title":"Nova carta republicana als Reis d&#8217;Orient","author":"Ramon Boixet","date":"3 gener 2022","format":false,"excerpt":"Benvolguts Reis, Un any m\u00e9s us escric tot i que ja sabeu que dubto de la vostra exist\u00e8ncia i que la monarquia la considero una organitzaci\u00f3 gens democr\u00e0tica i perfectament prescindible. Malgrat aix\u00f2, segueixo el costum molt arrelat d'escriure una carta als Reis, com cada any. Vivim temps de molta\u2026","rel":"","context":"A &quot;General&quot;","block_context":{"text":"General","link":"https:\/\/blogs.avui.cat\/botonier\/category\/general\/"},"img":{"alt_text":"","src":"https:\/\/i0.wp.com\/blogs.avui.cat\/botonier\/files\/2013\/01\/Tres-Reis.jpg?resize=350%2C200","width":350,"height":200},"classes":[]}],"jetpack_sharing_enabled":true,"jetpack_likes_enabled":true,"_links":{"self":[{"href":"https:\/\/blogs.avui.cat\/botonier\/wp-json\/wp\/v2\/posts\/1021","targetHints":{"allow":["GET"]}}],"collection":[{"href":"https:\/\/blogs.avui.cat\/botonier\/wp-json\/wp\/v2\/posts"}],"about":[{"href":"https:\/\/blogs.avui.cat\/botonier\/wp-json\/wp\/v2\/types\/post"}],"author":[{"embeddable":true,"href":"https:\/\/blogs.avui.cat\/botonier\/wp-json\/wp\/v2\/users\/126"}],"replies":[{"embeddable":true,"href":"https:\/\/blogs.avui.cat\/botonier\/wp-json\/wp\/v2\/comments?post=1021"}],"version-history":[{"count":6,"href":"https:\/\/blogs.avui.cat\/botonier\/wp-json\/wp\/v2\/posts\/1021\/revisions"}],"predecessor-version":[{"id":2407,"href":"https:\/\/blogs.avui.cat\/botonier\/wp-json\/wp\/v2\/posts\/1021\/revisions\/2407"}],"wp:attachment":[{"href":"https:\/\/blogs.avui.cat\/botonier\/wp-json\/wp\/v2\/media?parent=1021"}],"wp:term":[{"taxonomy":"category","embeddable":true,"href":"https:\/\/blogs.avui.cat\/botonier\/wp-json\/wp\/v2\/categories?post=1021"},{"taxonomy":"post_tag","embeddable":true,"href":"https:\/\/blogs.avui.cat\/botonier\/wp-json\/wp\/v2\/tags?post=1021"}],"curies":[{"name":"wp","href":"https:\/\/api.w.org\/{rel}","templated":true}]}}